{"id":31221,"date":"2021-05-14T16:04:13","date_gmt":"2021-05-14T14:04:13","guid":{"rendered":"https:\/\/abiola-academy.eu\/?p=31221"},"modified":"2022-08-12T17:44:03","modified_gmt":"2022-08-12T15:44:03","slug":"abiola-aktivitaeten","status":"publish","type":"post","link":"https:\/\/academy-dev.abiola.ngo\/de\/abiola-aktivitaeten\/","title":{"rendered":"ABIOLA Aktivit\u00e4ten"},"content":{"rendered":"\n\n\n[et_pb_section fb_built=&#8221;1&#8243; admin_label=&#8221;section&#8221; _builder_version=&#8221;3.22&#8243;][\/et_pb_section][et_pb_section fb_built=&#8221;1&#8243; _builder_version=&#8221;3.26.5&#8243; background_color=&#8221;#f3f6fd&#8221; custom_padding=&#8221;40px||26px||false|false&#8221;][et_pb_row column_structure=&#8221;2_3,1_3&#8243; make_equal=&#8221;on&#8221; _builder_version=&#8221;3.26.5&#8243; custom_padding=&#8221;38px||38px||true|false&#8221;][et_pb_column type=&#8221;2_3&#8243; module_class=&#8221;pa-vertical-align&#8221; _builder_version=&#8221;3.26.5&#8243;][et_pb_blurb title=&#8221;2020. ABIOLA spendet 1.000 Solarkits an Familien und Projekte in 17 afrikanische L\u00e4nder. &#8221; use_icon=&#8221;on&#8221; font_icon=&#8221;%%90%%&#8221; icon_placement=&#8221;left&#8221; content_max_width=&#8221;100%&#8221; use_icon_font_size=&#8221;on&#8221; icon_font_size=&#8221;64px&#8221; _builder_version=&#8221;4.9.4&#8243; header_line_height=&#8221;1.7em&#8221; custom_css_blurb_image=&#8221;top: -40px;||position: relative;&#8221;][\/et_pb_blurb][et_pb_text _builder_version=&#8221;4.9.4&#8243; custom_margin=&#8221;||48px|48px|false|false&#8221; custom_padding=&#8221;||7px|28px|false|false&#8221; border_width_left=&#8221;2px&#8221; border_color_left=&#8221;#d2007f&#8221;]<p>Das ABIOLA Familien SolarKit besteht aus einem 3,5 W SolarPanel und einer au\u00dfergew\u00f6hnlichen Lampe mit einer 5.200 mAh Batterie. Einmal an einem Tag aufgeladen kann die Lampe C5 bis zu 144 Stunden lang Licht spenden. Es k\u00f6nnen am USB-Ausgang der Lampe auch externe Verbraucher angeschlossen werden. z.B. F\u00fcr Aufladung von Handys oder Powerbanks. Es ist zu erwarten, dass ABIOLA auch im Jahr 2021 wieder 1.000 SolarKits spenden kann. Hier ein Link zum SolarKit <a href=\"https:\/\/www.abiola.ngo\/b15\" target=\"_blank\" rel=\"noopener\">mehr &gt;&gt;<\/a><\/p>[\/et_pb_text][et_pb_button button_url=&#8221;https:\/\/www.abiola.ngo\/top10&#8243; url_new_window=&#8221;on&#8221; button_text=&#8221;TOP 10 Projekte&#8221; button_alignment=&#8221;left&#8221; _builder_version=&#8221;4.9.4&#8243; button_bg_color=&#8221;#00d263&#8243; button_border_width=&#8221;2px&#8221; button_border_color=&#8221;#00d263&#8243; custom_margin=&#8221;|||52px|false|false&#8221; button_bg_color__hover_enabled=&#8221;on&#8221; button_bg_color__hover=&#8221;rgba(0,0,0,0)&#8221; button_bg_enable_color__hover=&#8221;on&#8221; button_text_size__hover_enabled=&#8221;off&#8221; button_text_color__hover_enabled=&#8221;on&#8221; button_text_color__hover=&#8221;#00d263&#8243;][\/et_pb_button][\/et_pb_column][et_pb_column type=&#8221;1_3&#8243; _builder_version=&#8221;3.26.5&#8243;][et_pb_image src=&#8221;https:\/\/academy-dev.abiola.ngo\/wp-content\/uploads\/2021\/05\/kamerun.png&#8221; title_text=&#8221;kamerun&#8221; _builder_version=&#8221;4.9.4&#8243; _module_preset=&#8221;default&#8221; box_shadow_style=&#8221;preset1&#8243; box_shadow_blur=&#8221;20px&#8221; box_shadow_spread=&#8221;13px&#8221;][\/et_pb_image][\/et_pb_column][\/et_pb_row][et_pb_row column_structure=&#8221;1_3,2_3&#8243; make_equal=&#8221;on&#8221; _builder_version=&#8221;3.26.5&#8243; custom_padding=&#8221;75px||75px||true|false&#8221;][et_pb_column type=&#8221;1_3&#8243; _builder_version=&#8221;3.26.5&#8243;][et_pb_image src=&#8221;https:\/\/academy-dev.abiola.ngo\/wp-content\/uploads\/2021\/05\/danke.png&#8221; title_text=&#8221;danke&#8221; _builder_version=&#8221;4.9.4&#8243; _module_preset=&#8221;default&#8221; box_shadow_style=&#8221;preset1&#8243; box_shadow_spread=&#8221;8px&#8221;][\/et_pb_image][\/et_pb_column][et_pb_column type=&#8221;2_3&#8243; module_class=&#8221;pa-vertical-align&#8221; _builder_version=&#8221;3.26.5&#8243;][et_pb_blurb title=&#8221;2019. Sonnenenergie f\u00fcr Waisenh\u00e4user, medizinische Stationen, Ausbildungsst\u00e4tten oder Schulen in Afrika.  ABIOLA spendet 200 Solarsysteme.&#8221; use_icon=&#8221;on&#8221; font_icon=&#8221;%%90%%&#8221; icon_placement=&#8221;left&#8221; content_max_width=&#8221;100%&#8221; use_icon_font_size=&#8221;on&#8221; icon_font_size=&#8221;64px&#8221; _builder_version=&#8221;3.26.5&#8243; header_line_height=&#8221;1.7em&#8221; custom_css_blurb_image=&#8221;top: -40px;||position: relative;&#8221;][\/et_pb_blurb][et_pb_text _builder_version=&#8221;4.9.4&#8243; custom_margin=&#8221;||48px|48px|false|false&#8221; custom_padding=&#8221;0px||2px|28px|false|false&#8221; border_width_left=&#8221;2px&#8221; border_color_left=&#8221;#d2007f&#8221;]<p>Mit einem ABIOLA TurboCharger 60W k\u00f6nnen bis zu 10 R\u00e4ume beleuchtet werden. Es kann auch ein Notebook oder andere Ger\u00e4te aufgeladen werden. Auch ein Beamer kann betrieben werden. Diese TurboCharger sind f\u00fcr die Hilfsprojekte kostenlos. Bei Stand 05\/2021 sind noch ca. 150 Systeme auf Lager, so dass diese an entsprechende Projekte \u00fcbergeben werden k\u00f6nnen. Alle Projekte werden im ABIOLA LichtPortal vorgestellt. Hier ein Link zum ABIOLA Turbo Charger 60W. <a href=\"https:\/\/www.abiola.ngo\/b15\" target=\"_blank\" rel=\"noopener\">mehr &gt;&gt;<\/a><\/p>[\/et_pb_text][et_pb_button button_url=&#8221;https:\/\/www.abiola.ngo\/lichtportal&#8221; url_new_window=&#8221;on&#8221; button_text=&#8221;ABIOLA Licht Portal&#8221; button_alignment=&#8221;left&#8221; _builder_version=&#8221;4.9.4&#8243; button_bg_color=&#8221;#00d263&#8243; button_border_width=&#8221;2px&#8221; button_border_color=&#8221;#00d263&#8243; custom_margin=&#8221;|||52px|false|false&#8221; button_bg_color__hover_enabled=&#8221;on&#8221; button_bg_color__hover=&#8221;rgba(0,0,0,0)&#8221; button_bg_enable_color__hover=&#8221;on&#8221; button_text_size__hover_enabled=&#8221;off&#8221; button_text_color__hover_enabled=&#8221;on&#8221; button_text_color__hover=&#8221;#00d263&#8243;][\/et_pb_button][\/et_pb_column][\/et_pb_row][et_pb_row column_structure=&#8221;2_3,1_3&#8243; make_equal=&#8221;on&#8221; _builder_version=&#8221;3.26.5&#8243; custom_padding=&#8221;75px||75px||true|false&#8221;][et_pb_column type=&#8221;2_3&#8243; module_class=&#8221;pa-vertical-align&#8221; _builder_version=&#8221;3.26.5&#8243;][et_pb_blurb title=&#8221;2018. \u00dcbergabe von 50 Solarsystemen \u00e1 240 W f\u00fcr verschiedene D\u00f6rfer in Togo. &#8221; use_icon=&#8221;on&#8221; font_icon=&#8221;%%90%%&#8221; icon_placement=&#8221;left&#8221; content_max_width=&#8221;100%&#8221; use_icon_font_size=&#8221;on&#8221; icon_font_size=&#8221;64px&#8221; _builder_version=&#8221;4.9.4&#8243; header_line_height=&#8221;1.7em&#8221; hover_enabled=&#8221;0&#8243; custom_css_blurb_image=&#8221;top: -40px;||position: relative;&#8221; sticky_enabled=&#8221;0&#8243;][\/et_pb_blurb][et_pb_text _builder_version=&#8221;4.9.4&#8243; custom_margin=&#8221;||48px|48px|false|false&#8221; custom_padding=&#8221;|||28px|false|false&#8221; border_width_left=&#8221;2px&#8221; border_color_left=&#8221;#d2007f&#8221;]<p>Im Rahmen einer Bachelor Arbeit wurde ein Controlpanel mit 24 USB-Ausg\u00e4ngen entwickelt. Damit k\u00f6nnen Bewohner der D\u00f6rfer in Togo ohne Stromversorgung ihre Mobiltelefone aufladen. Die 50 Controlpanels wurden in Eigenarbeit von Freiwilligen im Hause ABIOLA von Hand montiert, gel\u00f6tet und getestet. Anschlie\u00dfend begaben sich die 50 SolarSysteme 240 W zusammen mit 1.000 Powerbanks und vielen weiteren Komponenten auf die Reise nach Togo, wo sie \u00fcbergeben wurden.<\/p>[\/et_pb_text][et_pb_button button_url=&#8221;@ET-DC@eyJkeW5hbWljIjp0cnVlLCJjb250ZW50IjoicG9zdF9saW5rX3VybF9wYWdlIiwic2V0dGluZ3MiOnsicG9zdF9pZCI6IjMwNzEyIn19@&#8221; url_new_window=&#8221;on&#8221; button_text=&#8221;Bilder Togoprojekt&#8221; button_alignment=&#8221;left&#8221; _builder_version=&#8221;4.9.4&#8243; _dynamic_attributes=&#8221;button_url&#8221; button_bg_color=&#8221;#00d263&#8243; button_border_width=&#8221;2px&#8221; button_border_color=&#8221;#00d263&#8243; custom_margin=&#8221;|||52px|false|false&#8221; button_bg_color__hover_enabled=&#8221;on&#8221; button_bg_color__hover=&#8221;rgba(0,0,0,0)&#8221; button_bg_enable_color__hover=&#8221;on&#8221; button_text_size__hover_enabled=&#8221;off&#8221; button_text_color__hover_enabled=&#8221;on&#8221; button_text_color__hover=&#8221;#00d263&#8243;][\/et_pb_button][\/et_pb_column][et_pb_column type=&#8221;1_3&#8243; _builder_version=&#8221;3.26.5&#8243;][et_pb_image src=&#8221;https:\/\/academy-dev.abiola.ngo\/wp-content\/uploads\/2021\/05\/togo.png&#8221; title_text=&#8221;togo&#8221; _builder_version=&#8221;4.9.4&#8243; _module_preset=&#8221;default&#8221; box_shadow_style=&#8221;preset1&#8243; box_shadow_spread=&#8221;13px&#8221;][\/et_pb_image][\/et_pb_column][\/et_pb_row][et_pb_row column_structure=&#8221;1_3,2_3&#8243; make_equal=&#8221;on&#8221; _builder_version=&#8221;3.26.5&#8243; custom_padding=&#8221;75px||75px||true|false&#8221;][et_pb_column type=&#8221;1_3&#8243; _builder_version=&#8221;3.26.5&#8243;][et_pb_image src=&#8221;https:\/\/academy-dev.abiola.ngo\/wp-content\/uploads\/2021\/05\/P1030731-scaled.jpg&#8221; title_text=&#8221;P1030731&#8243; _builder_version=&#8221;4.9.4&#8243; _module_preset=&#8221;default&#8221; box_shadow_style=&#8221;preset1&#8243; box_shadow_spread=&#8221;13px&#8221;][\/et_pb_image][\/et_pb_column][et_pb_column type=&#8221;2_3&#8243; module_class=&#8221;pa-vertical-align&#8221; _builder_version=&#8221;3.26.5&#8243;][et_pb_blurb title=&#8221;2013.  Getreidespeicher f\u00fcr 33 D\u00f6rfer mit jeweils 10 Tonnen Hirse.&#8221; use_icon=&#8221;on&#8221; font_icon=&#8221;%%90%%&#8221; icon_placement=&#8221;left&#8221; content_max_width=&#8221;100%&#8221; use_icon_font_size=&#8221;on&#8221; icon_font_size=&#8221;64px&#8221; _builder_version=&#8221;3.26.5&#8243; header_line_height=&#8221;1.7em&#8221; custom_css_blurb_image=&#8221;top: -40px;||position: relative;&#8221;][\/et_pb_blurb][et_pb_text _builder_version=&#8221;3.27.4&#8243; custom_margin=&#8221;||48px|48px|false|false&#8221; custom_padding=&#8221;|||28px|false|false&#8221; border_width_left=&#8221;2px&#8221; border_color_left=&#8221;#d2007f&#8221;]<p>Dies Projekt fand im Jahr 2011-2014 statt. Es war Hilfe zur Selbsthilfe.<\/p>\n<p>Eine &#8220;Foodbank&#8221; wird einmal gef\u00fcllt und bleibt 9 Monate lang nach der Erntezeit verschlossen. Danach beginnt die schwierige Zeit, in der die Lebensmittel rar werden und deren Preise steigen. In dieser Phase werden die Lebensmittel zu den Selbstkosten an die Bev\u00f6lkerung des Dorfes verkauft. Teilweise nur schalenweise. Mit dem eingenommenen Geld wird nach der Ernte der Getreidespeicher wieder aufgef\u00fcllt.<\/p>[\/et_pb_text][et_pb_button button_url=&#8221;@ET-DC@eyJkeW5hbWljIjp0cnVlLCJjb250ZW50IjoicG9zdF9saW5rX3VybF9wYWdlIiwic2V0dGluZ3MiOnsicG9zdF9pZCI6IjMwNzUyIn19@&#8221; url_new_window=&#8221;on&#8221; button_text=&#8221;Bilder Foodbanks&#8221; button_alignment=&#8221;left&#8221; _builder_version=&#8221;4.9.4&#8243; _dynamic_attributes=&#8221;button_url&#8221; button_bg_color=&#8221;#00d263&#8243; button_border_width=&#8221;2px&#8221; button_border_color=&#8221;#00d263&#8243; custom_margin=&#8221;|||52px|false|false&#8221; button_bg_color__hover_enabled=&#8221;on&#8221; button_bg_color__hover=&#8221;rgba(0,0,0,0)&#8221; button_bg_enable_color__hover=&#8221;on&#8221; button_text_size__hover_enabled=&#8221;off&#8221; button_text_color__hover_enabled=&#8221;on&#8221; button_text_color__hover=&#8221;#00d263&#8243;][\/et_pb_button][\/et_pb_column][\/et_pb_row][et_pb_row column_structure=&#8221;2_3,1_3&#8243; make_equal=&#8221;on&#8221; _builder_version=&#8221;3.26.5&#8243; custom_padding=&#8221;75px||75px||true|false&#8221;][et_pb_column type=&#8221;2_3&#8243; module_class=&#8221;pa-vertical-align&#8221; _builder_version=&#8221;3.26.5&#8243;][et_pb_blurb title=&#8221;2010: ABIOLA konnte im Laufe der Jahre viele Hilfsorganisation finanziell unterst\u00fctzen.  Hier der Bau eines Krankenhaus- Bettentrakts.&#8221; use_icon=&#8221;on&#8221; font_icon=&#8221;%%90%%&#8221; icon_placement=&#8221;left&#8221; content_max_width=&#8221;100%&#8221; use_icon_font_size=&#8221;on&#8221; icon_font_size=&#8221;64px&#8221; _builder_version=&#8221;4.9.4&#8243; header_line_height=&#8221;1.7em&#8221; hover_enabled=&#8221;0&#8243; custom_css_blurb_image=&#8221;top: -40px;||position: relative;&#8221; sticky_enabled=&#8221;0&#8243;][\/et_pb_blurb][et_pb_text _builder_version=&#8221;4.9.4&#8243; custom_margin=&#8221;||48px|48px|false|false&#8221; custom_padding=&#8221;|||28px|false|false&#8221; border_width_left=&#8221;2px&#8221; border_color_left=&#8221;#d2007f&#8221;]<p>Das Bild stammt von einem Krankenhaus in Niger, Kollo. Hier konnten wir im Jahr 2010 die Kosten f\u00fcr den Bau eines Krankenhaus-Bettentraktes \u00fcbernehmen.<\/p>\n<p>Sp\u00e4ter haben wir auch noch eine ca. 30 kWp Photovoltaikanlage gespendet und errichten lassen. Unser Partner war damals Humendica e.V.<\/p>\n<p>&nbsp;<\/p>[\/et_pb_text][et_pb_button button_url=&#8221;@ET-DC@eyJkeW5hbWljIjp0cnVlLCJjb250ZW50IjoicG9zdF9saW5rX3VybF9wYWdlIiwic2V0dGluZ3MiOnsicG9zdF9pZCI6IjMwNzUxIn19@&#8221; url_new_window=&#8221;on&#8221; button_text=&#8221;Bilder Krankenhaus&#8221; button_alignment=&#8221;left&#8221; _builder_version=&#8221;4.9.4&#8243; _dynamic_attributes=&#8221;button_url&#8221; button_bg_color=&#8221;#00d263&#8243; button_border_width=&#8221;2px&#8221; button_border_color=&#8221;#00d263&#8243; custom_margin=&#8221;|||52px|false|false&#8221; button_bg_color__hover_enabled=&#8221;on&#8221; button_bg_color__hover=&#8221;rgba(0,0,0,0)&#8221; button_bg_enable_color__hover=&#8221;on&#8221; button_text_size__hover_enabled=&#8221;off&#8221; button_text_color__hover_enabled=&#8221;on&#8221; button_text_color__hover=&#8221;#00d263&#8243;][\/et_pb_button][\/et_pb_column][et_pb_column type=&#8221;1_3&#8243; _builder_version=&#8221;3.26.5&#8243;][et_pb_image src=&#8221;https:\/\/academy-dev.abiola.ngo\/wp-content\/uploads\/2021\/05\/CIMG8110-scaled.jpg&#8221; title_text=&#8221;CIMG8110&#8243; _builder_version=&#8221;4.9.4&#8243; _module_preset=&#8221;default&#8221; box_shadow_style=&#8221;preset1&#8243; box_shadow_spread=&#8221;13px&#8221;][\/et_pb_image][\/et_pb_column][\/et_pb_row][\/et_pb_section]\n\n\n","protected":false},"excerpt":{"rendered":"<p>Hier berichten wir \u00fcber einige Aktivit\u00e4ten von ABIOLA in den letzten 15 Jahren.<\/p>\n","protected":false},"author":1,"featured_media":32296,"comment_status":"closed","ping_status":"open","sticky":false,"template":"","format":"standard","meta":{"_et_pb_use_builder":"on","_et_pb_old_content":"<!-- wp:paragraph -->\n<p>Lorem ipsum dolor sit amet, consectetur adipiscing elit.&nbsp;<a href=\"http:\/\/loripsum.net\/\" target=\"_blank\" rel=\"noreferrer noopener\">Sed haec quidem liberius ab eo dicuntur et saepius.<\/a>&nbsp;<a href=\"http:\/\/loripsum.net\/\" target=\"_blank\" rel=\"noreferrer noopener\">Duo Reges: constructio interrete.<\/a>&nbsp;Gracchum patrem non beatiorem fuisse quam fillum, cum alter stabilire rem publicam studuerit, alter evertere. A villa enim, credo, et: Si ibi te esse scissem, ad te ipse venissem. Color egregius, integra valitudo, summa gratia, vita denique conferta voluptatum omnium varietate. Et quoniam haec deducuntur de corpore quid est cur non recte pulchritudo etiam ipsa propter se expetenda ducatur? Tanti autem aderant vesicae et torminum morbi, ut nihil ad eorum magnitudinem posset accedere.<\/p>\n<!-- \/wp:paragraph -->\n\n<!-- wp:paragraph -->\n<p>Nunc dicam de voluptate, nihil scilicet novi, ea tamen, quae te ipsum probaturum esse confidam. Quod enim dissolutum sit, id esse sine sensu, quod autem sine sensu sit, id nihil ad nos pertinere omnino.&nbsp;<em>Si quae forte-possumus.<\/em>&nbsp;<em>Paria sunt igitur.<\/em>&nbsp;Res enim fortasse verae, certe graves, non ita tractantur, ut debent, sed aliquanto minutius. Qui enim existimabit posse se miserum esse beatus non erit. Deinde qui fit, ut ego nesciam, sciant omnes, quicumque Epicurei esse voluerunt? Paulum, cum regem Persem captum adduceret, eodem flumine invectio?<\/p>\n<!-- \/wp:paragraph -->\n\n<!-- wp:heading -->\n<h2>An dolor longissimus quisque miserrimus, voluptatem non optabiliorem diuturnitas facit?<\/h2>\n<!-- \/wp:heading -->\n\n<!-- wp:paragraph -->\n<p>Bestiarum vero nullum iudicium puto. De maximma autem re eodem modo, divina mente atque natura mundum universum et eius maxima partis administrari.&nbsp;<a href=\"http:\/\/loripsum.net\/\" target=\"_blank\" rel=\"noreferrer noopener\">Prave, nequiter, turpiter cenabat;<\/a>&nbsp;Atque adhuc ea dixi, causa cur Zenoni non fuisset, quam ob rem a superiorum auctoritate discederet. Ita relinquet duas, de quibus etiam atque etiam consideret. Quos quidem dies quem ad modum agatis et in quantam hominum facetorum urbanitatem incurratis, non diconihil opus est litibus-;&nbsp;<em>Facillimum id quidem est, inquam.<\/em>&nbsp;Age nunc isti doceant, vel tu potius quis enim ista melius? Quod dicit Epicurus etiam de voluptate, quae minime sint voluptates, eas obscurari saepe et obrui. Eadem nunc mea adversum te oratio est.<\/p>\n<!-- \/wp:paragraph -->\n\n<!-- wp:heading {\"level\":5} -->\n<h5>Quasi vero, inquit, perpetua oratio rhetorum solum, non etiam philosophorum sit.<\/h5>\n<!-- \/wp:heading -->\n\n<!-- wp:paragraph -->\n<p>Si enim, ut mihi quidem videtur, non explet bona naturae voluptas, iure praetermissa est;&nbsp;<strong>Quonam, inquit, modo?<\/strong>&nbsp;Inscite autem medicinae et gubernationis ultimum cum ultimo sapientiae comparatur. Praeclare enim Plato: Beatum, cui etiam in senectute contigerit, ut sapientiam verasque opiniones assequi possit. Sed isti ipsi, qui voluptate et dolore omnia metiuntur, nonne clamant sapienti plus semper adesse quod velit quam quod nolit?&nbsp;<strong>Quo tandem modo?<\/strong>&nbsp;Quid affers, cur Thorius, cur Caius Postumius, cur omnium horum magister, Orata, non iucundissime vixerit? Hic quoque suus est de summoque bono dissentiens dici vere Peripateticus non potest. Tu vero, inquam, ducas licet, si sequetur;&nbsp;<a href=\"http:\/\/loripsum.net\/\" target=\"_blank\" rel=\"noreferrer noopener\">Audeo dicere, inquit.<\/a><\/p>\n<!-- \/wp:paragraph -->\n\n<!-- wp:heading -->\n<h2>Haec para\/doca illi, nos admirabilia dicamus.<\/h2>\n<!-- \/wp:heading -->\n\n<!-- wp:paragraph -->\n<p>Tum, Quintus et Pomponius cum idem se velle dixissent, Piso exorsus est.&nbsp;<strong>Duarum enim vitarum nobis erunt instituta capienda.<\/strong>&nbsp;Non est enim vitium in oratione solum, sed etiam in moribus. Quamquam ab iis philosophiam et omnes ingenuas disciplinas habemus; Obscura, inquit, quaedam esse confiteor, nec tamen ab illis ita dicuntur de industria, sed inest in rebus ipsis obscuritas. Nihilne te delectat umquam -video, quicum loquar-, te igitur, Torquate, ipsum per se nihil delectat? Primum cur ista res digna odio est, nisi quod est turpis?&nbsp;<em>Duo enim genera quae erant, fecit tria.<\/em><\/p>\n<!-- \/wp:paragraph -->\n\n<!-- wp:list {\"ordered\":true} -->\n<ol><li>Quis negat?<\/li><li>Sextilio Rufo, cum is rem ad amicos ita deferret, se esse heredem Q.<\/li><li>Sin laboramus, quis est, qui alienae modum statuat industriae?<\/li><li>Quod si ita sit, cur opera philosophiae sit danda nescio.<\/li><\/ol>\n<!-- \/wp:list -->\n\n<!-- wp:heading -->\n<h2>Qui autem de summo bono dissentit de tota philosophiae ratione dissentit.<\/h2>\n<!-- \/wp:heading -->\n\n<!-- wp:paragraph -->\n<p>Miserum hominem! Si dolor summum malum est, dici aliter non potest.&nbsp;Et si in ipsa gubernatione neglegentia est navis eversa, maius est peccatum in auro quam in palea. Etenim semper illud extra est, quod arte comprehenditur. Non igitur de improbo, sed de callido improbo quaerimus, qualis Q. Sunt autem, qui dicant foedus esse quoddam sapientium, ut ne minus amicos quam se ipsos diligant. Quid, si non modo utilitatem tibi nullam afferet, sed iacturae rei familiaris erunt faciendae, labores suscipiendi, adeundum vitae periculum? Tum Piso: Atqui, Cicero, inquit, ista studia, si ad imitandos summos viros spectant, ingeniosorum sunt;&nbsp;<em>Quid Zeno?<\/em><\/p>\n<!-- \/wp:paragraph -->\n\n<!-- wp:heading {\"level\":3} -->\n<h3>Et ille ridens: Video, inquit, quid agas;<\/h3>\n<!-- \/wp:heading -->\n\n<!-- wp:paragraph -->\n<p>Ergo opifex plus sibi proponet ad formarum quam civis excellens ad factorum pulchritudinem? Quid enim de amicitia statueris utilitatis causa expetenda vides. Perturbationes autem nulla naturae vi commoventur, omniaque ea sunt opiniones ac iudicia levitatis. Graecum enim hunc versum nostis omnes-: Suavis laborum est praeteritorum memoria. Non est enim vitium in oratione solum, sed etiam in moribus. Aut, Pylades cum sis, dices te esse Orestem, ut moriare pro amico? Id enim volumus, id contendimus, ut officii fructus sit ipsum officium.<\/p>\n<!-- \/wp:paragraph -->\n\n<!-- wp:list -->\n<ul><li>Stuprata per vim Lucretia a regis filio testata civis se ipsa interemit.<\/li><li>Ratio quidem vestra sic cogit.<\/li><li>Longum est enim ad omnia respondere, quae a te dicta sunt.<\/li><li>Sin dicit obscurari quaedam nec apparere, quia valde parva sint, nos quoque concedimus;<\/li><li>Stoici restant, ei quidem non unam aliquam aut alteram rem a nobis, sed totam ad se nostram philosophiam transtulerunt;<\/li><\/ul>\n<!-- \/wp:list -->\n\n<!-- wp:heading {\"level\":3} -->\n<h3>Expectoque quid ad id, quod quaerebam, respondeas.<\/h3>\n<!-- \/wp:heading -->\n\n<!-- wp:paragraph -->\n<p>Nemo enim est, qui aliter dixerit quin omnium naturarum simile esset id, ad quod omnia referrentur, quod est ultimum rerum appetendarum. Illorum vero ista ipsa quam exilia de virtutis vi! Quam tantam volunt esse, ut beatum per se efficere possit. Nam nec vir bonus ac iustus haberi debet qui, ne malum habeat, abstinet se ab iniuria. Duarum enim vitarum nobis erunt instituta capienda.<\/p>\n<!-- \/wp:paragraph -->\n\n<!-- wp:quote -->\n<blockquote class=\"wp-block-quote\"><p>Quae enim mala illi non audent appellare, aspera autem et incommoda et reicienda et aliena naturae esse concedunt, ea nos mala dicimus, sed exigua et paene minima.<\/p><\/blockquote>\n<!-- \/wp:quote -->\n\n<!-- wp:paragraph -->\n<p>Optime, inquam.An eum discere ea mavis, quae cum plane perdidiceriti nihil sciat?Si longus, levis.Atque haec ita iustitiae propria sunt, ut sint virtutum reliquarum communia.Memini vero, inquam;Quasi vero, inquit, perpetua oratio rhetorum solum, non etiam philosophorum sit.<\/p>\n<!-- \/wp:paragraph -->\n\n<!-- wp:paragraph -->\n<p>Nemo enim est, qui aliter dixerit quin omnium naturarum simile esset id, ad quod omnia referrentur, quod est ultimum rerum appetendarum. Illorum vero ista ipsa quam exilia de virtutis vi! Quam tantam volunt esse, ut beatum per se efficere possit. Nam nec vir bonus ac iustus haberi debet qui, ne malum habeat, abstinet se ab iniuria. Duarum enim vitarum nobis erunt instituta capienda.<\/p>\n<!-- \/wp:paragraph -->\n\n<!-- wp:paragraph -->\n<p><\/p>\n<!-- \/wp:paragraph -->","_et_gb_content_width":"","footnotes":""},"categories":[1],"tags":[6,7,10,11,12],"class_list":["post-31221","post","type-post","status-publish","format-standard","has-post-thumbnail","hentry","category-unkategorisiert","tag-demo","tag-divi","tag-gutenberg","tag-learndash","tag-sidebar"],"featured_image_src":"https:\/\/academy-dev.abiola.ngo\/wp-content\/uploads\/2021\/05\/ABIOLA-Aktivitaeten.png","featured_image_src_square":"https:\/\/academy-dev.abiola.ngo\/wp-content\/uploads\/2021\/05\/ABIOLA-Aktivitaeten.png","author_info":{"display_name":"Academy director Christoph K\u00f6hler","author_link":"https:\/\/academy-dev.abiola.ngo\/de\/author\/admin87471\/"},"rbea_author_info":{"display_name":"Academy director Christoph K\u00f6hler","author_link":"https:\/\/academy-dev.abiola.ngo\/de\/author\/admin87471\/"},"rbea_excerpt_info":"Hier berichten wir \u00fcber einige Aktivit\u00e4ten von ABIOLA in den letzten 15 Jahren.","category_list":"<a href=\"https:\/\/academy-dev.abiola.ngo\/de\/category\/unkategorisiert\/\" rel=\"category tag\">Unkategorisiert<\/a>","comments_num":"0 comments","_links":{"self":[{"href":"https:\/\/academy-dev.abiola.ngo\/de\/wp-json\/wp\/v2\/posts\/31221","targetHints":{"allow":["GET"]}}],"collection":[{"href":"https:\/\/academy-dev.abiola.ngo\/de\/wp-json\/wp\/v2\/posts"}],"about":[{"href":"https:\/\/academy-dev.abiola.ngo\/de\/wp-json\/wp\/v2\/types\/post"}],"author":[{"embeddable":true,"href":"https:\/\/academy-dev.abiola.ngo\/de\/wp-json\/wp\/v2\/users\/1"}],"replies":[{"embeddable":true,"href":"https:\/\/academy-dev.abiola.ngo\/de\/wp-json\/wp\/v2\/comments?post=31221"}],"version-history":[{"count":32,"href":"https:\/\/academy-dev.abiola.ngo\/de\/wp-json\/wp\/v2\/posts\/31221\/revisions"}],"predecessor-version":[{"id":43584,"href":"https:\/\/academy-dev.abiola.ngo\/de\/wp-json\/wp\/v2\/posts\/31221\/revisions\/43584"}],"wp:featuredmedia":[{"embeddable":true,"href":"https:\/\/academy-dev.abiola.ngo\/de\/wp-json\/wp\/v2\/media\/32296"}],"wp:attachment":[{"href":"https:\/\/academy-dev.abiola.ngo\/de\/wp-json\/wp\/v2\/media?parent=31221"}],"wp:term":[{"taxonomy":"category","embeddable":true,"href":"https:\/\/academy-dev.abiola.ngo\/de\/wp-json\/wp\/v2\/categories?post=31221"},{"taxonomy":"post_tag","embeddable":true,"href":"https:\/\/academy-dev.abiola.ngo\/de\/wp-json\/wp\/v2\/tags?post=31221"}],"curies":[{"name":"wp","href":"https:\/\/api.w.org\/{rel}","templated":true}]}}